{"id":3787,"date":"2025-01-17T08:59:00","date_gmt":"2025-01-17T08:59:00","guid":{"rendered":"https:\/\/arsmusic.pl\/?p=3787"},"modified":"2025-05-08T10:13:01","modified_gmt":"2025-05-08T08:13:01","slug":"z-poczatkiem-grudnia-ruszyla-promocja-albumu-mrozna-cisza-polish-carols","status":"publish","type":"post","link":"https:\/\/arsmusic.pl\/index.php\/2025\/01\/17\/z-poczatkiem-grudnia-ruszyla-promocja-albumu-mrozna-cisza-polish-carols\/","title":{"rendered":"Z pocz\u0105tkiem grudnia ruszy\u0142a promocja albumu \u201eMro\u017ana Cisza Polish Carols\u201d"},"content":{"rendered":"\n<p style=\"text-align: justify;\">Z pocz\u0105tkiem grudnia ruszy\u0142a promocja albumu \u201eMro\u017ana Cisza Polish Carols\u201d.<\/p>\n<p style=\"text-align: justify;\">\u201eMro\u017ana Cisza\u201d to muzyczna opowie\u015b\u0107 o Bo\u017cym Narodzeniu.<\/p>\n<p style=\"text-align: justify;\">\u201eMro\u017ana Cisza\u201d to muzyczna opowie\u015b\u0107 o Bo\u017cym Narodzeniu. Wspania\u0142a historia w wyj\u0105tkowym wykonaniu Agaty Rumi\u0144skiej &#8211; Sulenta mezzosopran z towarzyszeniem Ch\u00f3ru i Orkiestry Kameralnej IUBILAEUM pod dyrekcja Tomasza Orkiszewskiego. Ci, kt\u00f3rzy znaj\u0105 klimat towarzysz\u0105cy polskim tradycjom \u015bwi\u0119towania przyj\u015bcia na \u015bwiat Chrystusa w dzieci\u0105tku Jezus &#8211; mog\u0105 prze\u017cy\u0107 go na nowo, a Ci, kt\u00f3rzy nie znaj\u0105 tej rado\u015bci mog\u0105 j\u0105 pozna\u0107 i pokocha\u0107. To wszystko za spraw\u0105 muzycznej opowie\u015bci opisuj\u0105cej przyj\u015bcie Zbawiciela zaproponowanej w pi\u0119knym, kunsztownym wykonaniu muzycznym i edytorskim. Ka\u017cdy powinien to prze\u017cy\u0107.\u00a0 Album do nabycia w katalogu MUZYKA na portalu wydawnictwa &#8211; www.polihymnia.pl<\/p>\n","protected":false},"excerpt":{"rendered":"<p>Z pocz\u0105tkiem grudnia ruszy\u0142a promocja albumu \u201eMro\u017ana Cisza Polish Carols\u201d. \u201eMro\u017ana Cisza\u201d to muzyczna opowie\u015b\u0107 o Bo\u017cym Narodzeniu. \u201eMro\u017ana Cisza\u201d to muzyczna opowie\u015b\u0107 o Bo\u017cym Narodzeniu. Wspania\u0142a historia w wyj\u0105tkowym wykonaniu Agaty Rumi\u0144skiej &#8211; Sulenta mezzosopran z towarzyszeniem Ch\u00f3ru i Orkiestry Kameralnej IUBILAEUM pod dyrekcja Tomasza Orkiszewskiego. Ci, kt\u00f3rzy znaj\u0105 klimat towarzysz\u0105cy polskim tradycjom \u015bwi\u0119towania [&hellip;]<\/p>\n","protected":false},"author":1,"featured_media":3789,"comment_status":"closed","ping_status":"open","sticky":false,"template":"","format":"standard","meta":{"footnotes":""},"categories":[33,48],"tags":[],"class_list":["post-3787","post","type-post","status-publish","format-standard","has-post-thumbnail","hentry","category-aktualnosci","category-wydarzenia"],"_links":{"self":[{"href":"https:\/\/arsmusic.pl\/index.php\/wp-json\/wp\/v2\/posts\/3787","targetHints":{"allow":["GET"]}}],"collection":[{"href":"https:\/\/arsmusic.pl\/index.php\/wp-json\/wp\/v2\/posts"}],"about":[{"href":"https:\/\/arsmusic.pl\/index.php\/wp-json\/wp\/v2\/types\/post"}],"author":[{"embeddable":true,"href":"https:\/\/arsmusic.pl\/index.php\/wp-json\/wp\/v2\/users\/1"}],"replies":[{"embeddable":true,"href":"https:\/\/arsmusic.pl\/index.php\/wp-json\/wp\/v2\/comments?post=3787"}],"version-history":[{"count":14,"href":"https:\/\/arsmusic.pl\/index.php\/wp-json\/wp\/v2\/posts\/3787\/revisions"}],"predecessor-version":[{"id":4107,"href":"https:\/\/arsmusic.pl\/index.php\/wp-json\/wp\/v2\/posts\/3787\/revisions\/4107"}],"wp:featuredmedia":[{"embeddable":true,"href":"https:\/\/arsmusic.pl\/index.php\/wp-json\/wp\/v2\/media\/3789"}],"wp:attachment":[{"href":"https:\/\/arsmusic.pl\/index.php\/wp-json\/wp\/v2\/media?parent=3787"}],"wp:term":[{"taxonomy":"category","embeddable":true,"href":"https:\/\/arsmusic.pl\/index.php\/wp-json\/wp\/v2\/categories?post=3787"},{"taxonomy":"post_tag","embeddable":true,"href":"https:\/\/arsmusic.pl\/index.php\/wp-json\/wp\/v2\/tags?post=3787"}],"curies":[{"name":"wp","href":"https:\/\/api.w.org\/{rel}","templated":true}]}}