{"id":3813,"date":"2023-09-01T10:02:00","date_gmt":"2023-09-01T10:02:00","guid":{"rendered":"https:\/\/arsmusic.pl\/?p=3813"},"modified":"2025-05-20T11:23:46","modified_gmt":"2025-05-20T09:23:46","slug":"kurtyna-idzie-w-gore-2","status":"publish","type":"post","link":"https:\/\/arsmusic.pl\/index.php\/2023\/09\/01\/kurtyna-idzie-w-gore-2\/","title":{"rendered":"W grodzie ksi\u0119\u017cniczki Libuszy"},"content":{"rendered":"<p>\n\n\n<\/p>\n<p style=\"text-align: justify;\">24 wrze\u015bnia 2023 r. w Filharmonii Narodowej odb\u0119dzie si\u0119 kolejny koncert z cyklu \u201ePopo\u0142udnie dla ma\u0142ych meloman\u00f3w\u201d pn. <strong>\u201eW grodzie ksi\u0119\u017cniczki Libuszy\u201d<\/strong>. W repertuarze znajd\u0105 si\u0119 przeboje muzyki operowej i operetkowej \u2013 arie, duety i ensemble.<\/p>\n<p style=\"text-align: justify;\">\n\n\n\n<\/p>\n<p style=\"text-align: justify;\">W\u015br\u00f3d solist\u00f3w us\u0142ysze\u0107 b\u0119dzie mo\u017cna Agat\u0119 Rumi\u0144sk\u0105-Sulenta.<\/p>\n<p style=\"text-align: justify;\">\n\n\n\n<\/p>\n<p style=\"text-align: justify;\"><a href=\"https:\/\/filharmonia.pl\/repertuar\/w-grodzie-ksiezniczki-libuszy-357352692\">https:\/\/filharmonia.pl\/repertuar\/w-grodzie-ksiezniczki-libuszy-357352692<\/a><\/p>\n<p style=\"text-align: justify;\">\n\n\n\n<\/p>\n<p style=\"text-align: justify;\">\u00a0<\/p>\n<p style=\"text-align: justify;\">\n\n\n\n<\/p>\n<p style=\"text-align: justify;\">Bilety na koncert mo\u017cna naby\u0107 poprzez stron\u0119 <strong><a href=\"https:\/\/filharmonia.pl\/repertuar\/kurtyna-idzie-w-gore-405240666\" target=\"_blank\" rel=\"noreferrer noopener\">www.filharmonia.pl<\/a>.<\/strong><\/p>\n<p>\n\n\n\n\n\n<p><\/p>\n","protected":false},"excerpt":{"rendered":"<p>24 wrze\u015bnia 2023 r. w Filharmonii Narodowej odb\u0119dzie si\u0119 kolejny koncert z cyklu \u201ePopo\u0142udnie dla ma\u0142ych meloman\u00f3w\u201d pn. \u201eW grodzie ksi\u0119\u017cniczki Libuszy\u201d. W repertuarze znajd\u0105 si\u0119 przeboje muzyki operowej i operetkowej \u2013 arie, duety i ensemble. W\u015br\u00f3d solist\u00f3w us\u0142ysze\u0107 b\u0119dzie mo\u017cna Agat\u0119 Rumi\u0144sk\u0105-Sulenta. https:\/\/filharmonia.pl\/repertuar\/w-grodzie-ksiezniczki-libuszy-357352692 \u00a0 Bilety na koncert mo\u017cna naby\u0107 poprzez stron\u0119 www.filharmonia.pl.<\/p>\n","protected":false},"author":1,"featured_media":4135,"comment_status":"closed","ping_status":"open","sticky":false,"template":"","format":"standard","meta":{"footnotes":""},"categories":[48],"tags":[],"class_list":["post-3813","post","type-post","status-publish","format-standard","has-post-thumbnail","hentry","category-wydarzenia"],"_links":{"self":[{"href":"https:\/\/arsmusic.pl\/index.php\/wp-json\/wp\/v2\/posts\/3813","targetHints":{"allow":["GET"]}}],"collection":[{"href":"https:\/\/arsmusic.pl\/index.php\/wp-json\/wp\/v2\/posts"}],"about":[{"href":"https:\/\/arsmusic.pl\/index.php\/wp-json\/wp\/v2\/types\/post"}],"author":[{"embeddable":true,"href":"https:\/\/arsmusic.pl\/index.php\/wp-json\/wp\/v2\/users\/1"}],"replies":[{"embeddable":true,"href":"https:\/\/arsmusic.pl\/index.php\/wp-json\/wp\/v2\/comments?post=3813"}],"version-history":[{"count":3,"href":"https:\/\/arsmusic.pl\/index.php\/wp-json\/wp\/v2\/posts\/3813\/revisions"}],"predecessor-version":[{"id":4136,"href":"https:\/\/arsmusic.pl\/index.php\/wp-json\/wp\/v2\/posts\/3813\/revisions\/4136"}],"wp:featuredmedia":[{"embeddable":true,"href":"https:\/\/arsmusic.pl\/index.php\/wp-json\/wp\/v2\/media\/4135"}],"wp:attachment":[{"href":"https:\/\/arsmusic.pl\/index.php\/wp-json\/wp\/v2\/media?parent=3813"}],"wp:term":[{"taxonomy":"category","embeddable":true,"href":"https:\/\/arsmusic.pl\/index.php\/wp-json\/wp\/v2\/categories?post=3813"},{"taxonomy":"post_tag","embeddable":true,"href":"https:\/\/arsmusic.pl\/index.php\/wp-json\/wp\/v2\/tags?post=3813"}],"curies":[{"name":"wp","href":"https:\/\/api.w.org\/{rel}","templated":true}]}}