{"id":3836,"date":"2025-01-17T10:32:49","date_gmt":"2025-01-17T10:32:49","guid":{"rendered":"https:\/\/arsmusic.pl\/?p=3836"},"modified":"2025-06-16T14:01:29","modified_gmt":"2025-06-16T12:01:29","slug":"swiateczny-koncert-realizowany-przez-tvp3-lublin","status":"publish","type":"post","link":"https:\/\/arsmusic.pl\/index.php\/2025\/01\/17\/swiateczny-koncert-realizowany-przez-tvp3-lublin\/","title":{"rendered":"\u015awi\u0105teczny koncert realizowany przez TVP3 Lublin"},"content":{"rendered":"<p style=\"text-align: justify;\"><strong>Chris Cugowski, Agata Rumi\u0144ska-Sulenta, Ch\u00f3r i Orkiestra Kameralna &#8222;IUBILAEUM&#8221; &#8211; \u0142\u0105cznie kilkudziesi\u0119ciu artyst\u00f3w za\u015bpiewa\u0142o najpi\u0119kniejsze, polskie kol\u0119dy. To wsp\u00f3lna inicjatywa TVP3 Lublin oraz Radia Lublin.<\/strong><\/p>\n<p style=\"text-align: justify;\"><a href=\"https:\/\/lublin.tvp.pl\/65244659\/swiateczny-koncert-realizowany-przez-tvp3-lublin?fbclid=IwZXh0bgNhZW0CMTEAAR1vhJf2jRj0niVW-Ml3wv_jbvksz_l4ljBo2xX1IeCrH6v-AKaTEElcKTg_aem_-NpLlOZJ7W1vNiEkCN0bTg\">https:\/\/lublin.tvp.pl\/65244659\/swiateczny-koncert-realizowany-przez-tvp3-lublin?fbclid=IwZXh0bgNhZW0CMTEAAR1vhJf2jRj0niVW-Ml3wv_jbvksz_l4ljBo2xX1IeCrH6v-AKaTEElcKTg_aem_-NpLlOZJ7W1vNiEkCN0bTg<\/a><\/p>\n<p><a href=\"_wp_link_placeholder\" data-wplink-edit=\"true\">https:\/\/lublin.tvp.pl\/65287854\/stala-nam-sie-nowina-mila<\/a><\/p>\n\n\n<p><\/p>\n","protected":false},"excerpt":{"rendered":"<p>\u201eSta\u0142a nam si\u0119 nowina mi\u0142a\u2026\u201d &#8211; Agata Rumi\u0144ska-Sulenta, Chris Cugowski , Ch\u00f3r i Orkiestra Kameralna \u201eIUBILAEUM\u201d<\/p>\n","protected":false},"author":1,"featured_media":3734,"comment_status":"closed","ping_status":"open","sticky":false,"template":"","format":"standard","meta":{"footnotes":""},"categories":[53],"tags":[],"class_list":["post-3836","post","type-post","status-publish","format-standard","has-post-thumbnail","hentry","category-telewizja"],"_links":{"self":[{"href":"https:\/\/arsmusic.pl\/index.php\/wp-json\/wp\/v2\/posts\/3836","targetHints":{"allow":["GET"]}}],"collection":[{"href":"https:\/\/arsmusic.pl\/index.php\/wp-json\/wp\/v2\/posts"}],"about":[{"href":"https:\/\/arsmusic.pl\/index.php\/wp-json\/wp\/v2\/types\/post"}],"author":[{"embeddable":true,"href":"https:\/\/arsmusic.pl\/index.php\/wp-json\/wp\/v2\/users\/1"}],"replies":[{"embeddable":true,"href":"https:\/\/arsmusic.pl\/index.php\/wp-json\/wp\/v2\/comments?post=3836"}],"version-history":[{"count":9,"href":"https:\/\/arsmusic.pl\/index.php\/wp-json\/wp\/v2\/posts\/3836\/revisions"}],"predecessor-version":[{"id":4188,"href":"https:\/\/arsmusic.pl\/index.php\/wp-json\/wp\/v2\/posts\/3836\/revisions\/4188"}],"wp:featuredmedia":[{"embeddable":true,"href":"https:\/\/arsmusic.pl\/index.php\/wp-json\/wp\/v2\/media\/3734"}],"wp:attachment":[{"href":"https:\/\/arsmusic.pl\/index.php\/wp-json\/wp\/v2\/media?parent=3836"}],"wp:term":[{"taxonomy":"category","embeddable":true,"href":"https:\/\/arsmusic.pl\/index.php\/wp-json\/wp\/v2\/categories?post=3836"},{"taxonomy":"post_tag","embeddable":true,"href":"https:\/\/arsmusic.pl\/index.php\/wp-json\/wp\/v2\/tags?post=3836"}],"curies":[{"name":"wp","href":"https:\/\/api.w.org\/{rel}","templated":true}]}}