{"id":3878,"date":"2025-01-20T09:55:16","date_gmt":"2025-01-20T09:55:16","guid":{"rendered":"https:\/\/arsmusic.pl\/?p=3878"},"modified":"2025-05-08T10:27:21","modified_gmt":"2025-05-08T08:27:21","slug":"koncert-telewizyjny-stala-nam-sie-nowina-mila","status":"publish","type":"post","link":"https:\/\/arsmusic.pl\/index.php\/2025\/01\/20\/koncert-telewizyjny-stala-nam-sie-nowina-mila\/","title":{"rendered":"Koncert telewizyjny \u201eSta\u0142a nam si\u0119 nowina mi\u0142a \u2026\u201d"},"content":{"rendered":"\n<p style=\"text-align: justify;\">Koncert telewizyjny &#8222;Sta\u0142a nam si\u0119 nowina mi\u0142a &#8230;&#8221;\u00a0 w wykonaniu Agaty Rumi\u0144skiej-Sulenta mezzosopran z towarzyszeniem Ch\u00f3ru i Orkiestry Kameralnej IUBILAEUM oraz go\u015bcinnym udzia\u0142em Chrisa Cugowskiego.<\/p>\n<p style=\"text-align: justify;\"><a href=\"https:\/\/lublin.tvp.pl\/65287854\/stala-nam-sie-nowina-mila\">https:\/\/lublin.tvp.pl\/65287854\/stala-nam-sie-nowina-mila<\/a><\/p>\n","protected":false},"excerpt":{"rendered":"<p>Koncert telewizyjny &#8222;Sta\u0142a nam si\u0119 nowina mi\u0142a &#8230;&#8221;\u00a0 w wykonaniu Agaty Rumi\u0144skiej-Sulenta mezzosopran z towarzyszeniem Ch\u00f3ru i Orkiestry Kameralnej IUBILAEUM oraz go\u015bcinnym udzia\u0142em Chrisa Cugowskiego. https:\/\/lublin.tvp.pl\/65287854\/stala-nam-sie-nowina-mila<\/p>\n","protected":false},"author":1,"featured_media":3785,"comment_status":"closed","ping_status":"open","sticky":false,"template":"","format":"standard","meta":{"footnotes":""},"categories":[55],"tags":[],"class_list":["post-3878","post","type-post","status-publish","format-standard","has-post-thumbnail","hentry","category-video"],"_links":{"self":[{"href":"https:\/\/arsmusic.pl\/index.php\/wp-json\/wp\/v2\/posts\/3878","targetHints":{"allow":["GET"]}}],"collection":[{"href":"https:\/\/arsmusic.pl\/index.php\/wp-json\/wp\/v2\/posts"}],"about":[{"href":"https:\/\/arsmusic.pl\/index.php\/wp-json\/wp\/v2\/types\/post"}],"author":[{"embeddable":true,"href":"https:\/\/arsmusic.pl\/index.php\/wp-json\/wp\/v2\/users\/1"}],"replies":[{"embeddable":true,"href":"https:\/\/arsmusic.pl\/index.php\/wp-json\/wp\/v2\/comments?post=3878"}],"version-history":[{"count":2,"href":"https:\/\/arsmusic.pl\/index.php\/wp-json\/wp\/v2\/posts\/3878\/revisions"}],"predecessor-version":[{"id":4101,"href":"https:\/\/arsmusic.pl\/index.php\/wp-json\/wp\/v2\/posts\/3878\/revisions\/4101"}],"wp:featuredmedia":[{"embeddable":true,"href":"https:\/\/arsmusic.pl\/index.php\/wp-json\/wp\/v2\/media\/3785"}],"wp:attachment":[{"href":"https:\/\/arsmusic.pl\/index.php\/wp-json\/wp\/v2\/media?parent=3878"}],"wp:term":[{"taxonomy":"category","embeddable":true,"href":"https:\/\/arsmusic.pl\/index.php\/wp-json\/wp\/v2\/categories?post=3878"},{"taxonomy":"post_tag","embeddable":true,"href":"https:\/\/arsmusic.pl\/index.php\/wp-json\/wp\/v2\/tags?post=3878"}],"curies":[{"name":"wp","href":"https:\/\/api.w.org\/{rel}","templated":true}]}}