{"id":4181,"date":"2025-06-16T13:41:05","date_gmt":"2025-06-16T11:41:05","guid":{"rendered":"https:\/\/arsmusic.pl\/?p=4181"},"modified":"2025-06-16T13:42:11","modified_gmt":"2025-06-16T11:42:11","slug":"swiateczny-koncert-realizowany-przez-tvp3-lublin-2","status":"publish","type":"post","link":"https:\/\/arsmusic.pl\/index.php\/2025\/06\/16\/swiateczny-koncert-realizowany-przez-tvp3-lublin-2\/","title":{"rendered":"Radiowo-telewizyjny koncert kol\u0119d &#8211; \u201eSta\u0142a si\u0119 nam nowina mi\u0142a&#8221;"},"content":{"rendered":"<p>Najpi\u0119kniejsze polskie kol\u0119dy zabrzmia\u0142y w lubelskiej archikatedrze. Okazj\u0105 do tego by\u0142 radiowo-telewizyjny koncert kol\u0119d &#8211; \u201eSta\u0142a si\u0119 nam nowina mi\u0142a\u201d.\u00a0Przed publiczno\u015bci\u0105 wyst\u0105pi\u0142a Agata Rumi\u0144ska-Sulenta (mezzosopran), Chris Cugowski oraz Ch\u00f3r i Orkiestra Kameralna \u201eIUBILAEUM\u201d pod dyrekcj\u0105 Tomasza Orkiszewskiego.\u00a0<\/p>\n<p>Koncert zosta\u0142 zorganizowany przy wsparciu Polskiego Radia Lublin i Telewizji Lublin.<\/p>\n<p><a class=\"moz-txt-link-freetext\" href=\"https:\/\/archiwum.radio.lublin.pl\/2022\/12\/stala-sie-nam-nowina-mila-radiowo-telewizyjny-koncert-koled-w-lublinie\/\">https:\/\/archiwum.radio.lublin.pl\/2022\/12\/stala-sie-nam-nowina-mila-radiowo-telewizyjny-koncert-koled-w-lublinie\/<\/a><\/p>\n<p><a class=\"moz-txt-link-freetext\" href=\"https:\/\/archiwum.radio.lublin.pl\/2022\/12\/koncert-koled-stala-sie-nam-nowina-mila-zdjecia\/\">https:\/\/archiwum.radio.lublin.pl\/2022\/12\/koncert-koled-stala-sie-nam-nowina-mila-zdjecia\/<\/a><\/p>\n\n\n<p><\/p>\n","protected":false},"excerpt":{"rendered":"<p>\u201eSta\u0142a nam si\u0119 nowina mi\u0142a\u2026\u201d &#8211; Agata Rumi\u0144ska-Sulenta, Chris Cugowski , Ch\u00f3r i Orkiestra Kameralna \u201eIUBILAEUM\u201d<\/p>\n","protected":false},"author":1,"featured_media":3734,"comment_status":"closed","ping_status":"open","sticky":false,"template":"","format":"standard","meta":{"footnotes":""},"categories":[52],"tags":[],"class_list":["post-4181","post","type-post","status-publish","format-standard","has-post-thumbnail","hentry","category-radio"],"_links":{"self":[{"href":"https:\/\/arsmusic.pl\/index.php\/wp-json\/wp\/v2\/posts\/4181","targetHints":{"allow":["GET"]}}],"collection":[{"href":"https:\/\/arsmusic.pl\/index.php\/wp-json\/wp\/v2\/posts"}],"about":[{"href":"https:\/\/arsmusic.pl\/index.php\/wp-json\/wp\/v2\/types\/post"}],"author":[{"embeddable":true,"href":"https:\/\/arsmusic.pl\/index.php\/wp-json\/wp\/v2\/users\/1"}],"replies":[{"embeddable":true,"href":"https:\/\/arsmusic.pl\/index.php\/wp-json\/wp\/v2\/comments?post=4181"}],"version-history":[{"count":2,"href":"https:\/\/arsmusic.pl\/index.php\/wp-json\/wp\/v2\/posts\/4181\/revisions"}],"predecessor-version":[{"id":4183,"href":"https:\/\/arsmusic.pl\/index.php\/wp-json\/wp\/v2\/posts\/4181\/revisions\/4183"}],"wp:featuredmedia":[{"embeddable":true,"href":"https:\/\/arsmusic.pl\/index.php\/wp-json\/wp\/v2\/media\/3734"}],"wp:attachment":[{"href":"https:\/\/arsmusic.pl\/index.php\/wp-json\/wp\/v2\/media?parent=4181"}],"wp:term":[{"taxonomy":"category","embeddable":true,"href":"https:\/\/arsmusic.pl\/index.php\/wp-json\/wp\/v2\/categories?post=4181"},{"taxonomy":"post_tag","embeddable":true,"href":"https:\/\/arsmusic.pl\/index.php\/wp-json\/wp\/v2\/tags?post=4181"}],"curies":[{"name":"wp","href":"https:\/\/api.w.org\/{rel}","templated":true}]}}